{"id":5310,"date":"2026-05-01T21:42:28","date_gmt":"2026-05-01T18:42:28","guid":{"rendered":"https:\/\/theserver.htg.tartu.ee\/miilang\/?p=5310"},"modified":"2026-05-01T21:42:29","modified_gmt":"2026-05-01T18:42:29","slug":"opetajate-tsitaadid-9","status":"publish","type":"post","link":"https:\/\/theserver.htg.tartu.ee\/miilang\/2026\/aprill-2026\/opetajate-tsitaadid-9\/","title":{"rendered":"\u00d5petajate tsitaadid"},"content":{"rendered":"\n<blockquote class=\"wp-block-quote is-layout-flow wp-block-quote-is-layout-flow\">\n<p class=\"wp-block-paragraph\"><\/p>\n<cite><em>\u201e<\/em>K\u00f5hutunne tegutseb omasoodu, m\u00f5istusega saab seda korrigeerida.\u201d<br>&#8211; Tiina Pluum &#8211;<\/cite><\/blockquote>\n\n\n\n<blockquote class=\"wp-block-quote is-layout-flow wp-block-quote-is-layout-flow\">\n<p class=\"wp-block-paragraph\"><\/p>\n<cite>\u201eRaadiosse suhtuti n\u00f5ukogude ajal peaaegu nagu kodukiisusse.\u201d<br>&#8211; Kristiina Punga &#8211;<\/cite><\/blockquote>\n\n\n\n<blockquote class=\"wp-block-quote is-layout-flow wp-block-quote-is-layout-flow\">\n<p class=\"wp-block-paragraph\"><\/p>\n<cite>\u201eKuulete, \u00fcleval juba s\u00f5da k\u00e4ib.\u201d<br>&#8211; Kristiina Punga filmi 1944 kohta &#8211;<\/cite><\/blockquote>\n\n\n\n<blockquote class=\"wp-block-quote is-layout-flow wp-block-quote-is-layout-flow\">\n<p class=\"wp-block-paragraph\"><\/p>\n<cite><em>\u201e<\/em>Mis oleks Tartu ilma \u00fclikoolita? Teine Elva! Aga kellele on seda teist Elvat vaja?\u201d<br>&#8211; Indrek Pajur &#8211;<\/cite><\/blockquote>\n\n\n\n<blockquote class=\"wp-block-quote is-layout-flow wp-block-quote-is-layout-flow\">\n<p class=\"wp-block-paragraph\"><\/p>\n<cite>\u201eEi tea, mis k\u00fcttes\u00fcsteem seal teatris on?\u201d<br>&#8211; Triinu Palo &#8211;<\/cite><\/blockquote>\n\n\n\n<blockquote class=\"wp-block-quote is-layout-flow wp-block-quote-is-layout-flow\">\n<p class=\"wp-block-paragraph\"><\/p>\n<cite><em>\u201e<\/em>See vastab t\u00f5ele, et \u00f5petajad ei tea mitte midagi.\u201d<br>&#8211; Tiina Pluum &#8211;<\/cite><\/blockquote>\n\n\n\n<blockquote class=\"wp-block-quote is-layout-flow wp-block-quote-is-layout-flow\">\n<p class=\"wp-block-paragraph\"><\/p>\n<cite>\u201eIlusat 13. reedet teile!\u201d<br>&#8211; Ehtel Timak &#8211;<\/cite><\/blockquote>\n\n\n\n<blockquote class=\"wp-block-quote is-layout-flow wp-block-quote-is-layout-flow\">\n<p class=\"wp-block-paragraph\"><\/p>\n<cite><em>\u201e<\/em>Rahvas n\u00f5uab pilte, no muidugi kunstiajalugu ju\u2026\u201d<br>&#8211; Raimond Lepiste &#8211;<\/cite><\/blockquote>\n\n\n\n<blockquote class=\"wp-block-quote is-layout-flow wp-block-quote-is-layout-flow\">\n<p class=\"wp-block-paragraph\"><\/p>\n<cite><em>\u201e<\/em>L\u00e4hete t\u00e4na Narva, hakkate otsima, et kus see uhke ja suurejooneline Rootsi arendatud linn on, vaatate ringi, no ei ole teda teps mitte. Ei ole teda. Kus ta kadus? V\u00f5ttis jalad alla ja k\u00f5ndis minema v\u00f5i?\u201d<br>&#8211; Indrek Pajur &#8211;<\/cite><\/blockquote>\n\n\n\n<blockquote class=\"wp-block-quote is-layout-flow wp-block-quote-is-layout-flow\">\n<p class=\"wp-block-paragraph\"><\/p>\n<cite>\u201eTere tulemast p\u00f5mmpeade poistekoori\u2026 \u201csiin\u201d peale pidid Sa seisma j\u00e4\u00e4ma, nunnu.\u201d<br>&#8211; Eve Paap &#8211;<\/cite><\/blockquote>\n\n\n\n<blockquote class=\"wp-block-quote is-layout-flow wp-block-quote-is-layout-flow\">\n<p class=\"wp-block-paragraph\"><\/p>\n<cite>\u201eTuleriidad on ohtlikud asjad.\u201d<br>&#8211; Toomas J\u00fcrgenstein &#8211; <\/cite><\/blockquote>\n\n\n\n<blockquote class=\"wp-block-quote is-layout-flow wp-block-quote-is-layout-flow\">\n<p class=\"wp-block-paragraph\"><\/p>\n<cite><em>\u201e<\/em>Mul on kodus aromaatne kass.\u201d<br>&#8211; Age Salo &#8211;<\/cite><\/blockquote>\n\n\n\n<blockquote class=\"wp-block-quote is-layout-flow wp-block-quote-is-layout-flow\">\n<p class=\"wp-block-paragraph\"><\/p>\n<cite><em>\u201e<\/em>Minu t\u00f6\u00f6 on siin lolli juttu ajada ja lolli nalja teha ja teie t\u00f6\u00f6 on meelde j\u00e4tta.\u201d<br>&#8211; Siim Oks &#8211;<\/cite><\/blockquote>\n\n\n\n<blockquote class=\"wp-block-quote is-layout-flow wp-block-quote-is-layout-flow\">\n<p class=\"wp-block-paragraph\"><\/p>\n<cite><em>\u201e<\/em>Trigonomeetria sobib ainult neidudele.&#8221;<br>&#8211; Ehtel Timak &#8211;<\/cite><\/blockquote>\n\n\n\n<blockquote class=\"wp-block-quote is-layout-flow wp-block-quote-is-layout-flow\">\n<p class=\"wp-block-paragraph\"><\/p>\n<cite><em>\u201e<\/em>Otsite kaduma l\u00e4inud isiksust? Pole hullu, k\u00fcll te leiate.\u201d<br>&#8211; Uve Saar &#8211;<\/cite><\/blockquote>\n\n\n\n<blockquote class=\"wp-block-quote is-layout-flow wp-block-quote-is-layout-flow\">\n<p class=\"wp-block-paragraph\"><\/p>\n<cite>\u201eMina j\u00e4lgin kaalu selliselt ohutult distantsilt.\u201d<br>&#8211; Siim Oks &#8211;<\/cite><\/blockquote>\n\n\n\n<blockquote class=\"wp-block-quote is-layout-flow wp-block-quote-is-layout-flow\">\n<p class=\"wp-block-paragraph\"><\/p>\n<cite>\u201cSee on N\u00f5ukogude aja suurim ehituslik saavutus. Kohe, kui uued majad valmis said, n\u00e4gid need vanad v\u00e4lja.&#8221;<br>&#8211; Tango Alfa &#8211;<\/cite><\/blockquote>\n\n\n\n<blockquote class=\"wp-block-quote is-layout-flow wp-block-quote-is-layout-flow\">\n<p class=\"wp-block-paragraph\"><\/p>\n<cite>\u201cLying at an English exam \u2013 good way to go!\u201d<br>&#8211; Kaisa Vaher &#8211;<\/cite><\/blockquote>\n\n\n\n<blockquote class=\"wp-block-quote is-layout-flow wp-block-quote-is-layout-flow\">\n<p class=\"wp-block-paragraph\"><\/p>\n<cite>\u201cOf course don&#8217;t use your phones, don&#8217;t use your smart watches, use your smart head.\u201d<br>&#8211; Kaisa Vaher &#8211;<\/cite><\/blockquote>\n\n\n\n<blockquote class=\"wp-block-quote is-layout-flow wp-block-quote-is-layout-flow\">\n<p class=\"wp-block-paragraph\"><\/p>\n<cite>\u201cNaabri koerast saab hot dog&#8217;i teha.\u201d<br>&#8211; Tango Alfa &#8211;<\/cite><\/blockquote>\n","protected":false},"excerpt":{"rendered":"<p>\u201eK\u00f5hutunne tegutseb omasoodu, m\u00f5istusega saab seda korrigeerida.\u201d&#8211; Tiina Pluum &#8211; \u201eRaadiosse suhtuti n\u00f5ukogude ajal peaaegu nagu kodukiisusse.\u201d&#8211; Kristiina Punga &#8211; \u201eKuulete, \u00fcleval juba s\u00f5da k\u00e4ib.\u201d&#8211; Kristiina Punga filmi 1944 kohta &#8211; \u201eMis oleks Tartu ilma \u00fclikoolita? Teine Elva! Aga kellele on seda teist Elvat vaja?\u201d&#8211; Indrek Pajur &#8211; \u201eEi tea,&#8230;<\/p>\n","protected":false},"author":221,"featured_media":3444,"comment_status":"open","ping_status":"open","sticky":false,"template":"","format":"standard","meta":{"_acf_changed":false,"_monsterinsights_skip_tracking":false,"footnotes":""},"categories":[425],"tags":[368],"coauthors":[436],"class_list":["post-5310","post","type-post","status-publish","format-standard","has-post-thumbnail","hentry","category-aprill-2026","tag-tsitaadid"],"acf":[],"_links":{"self":[{"href":"https:\/\/theserver.htg.tartu.ee\/miilang\/wp-json\/wp\/v2\/posts\/5310","targetHints":{"allow":["GET"]}}],"collection":[{"href":"https:\/\/theserver.htg.tartu.ee\/miilang\/wp-json\/wp\/v2\/posts"}],"about":[{"href":"https:\/\/theserver.htg.tartu.ee\/miilang\/wp-json\/wp\/v2\/types\/post"}],"author":[{"embeddable":true,"href":"https:\/\/theserver.htg.tartu.ee\/miilang\/wp-json\/wp\/v2\/users\/221"}],"replies":[{"embeddable":true,"href":"https:\/\/theserver.htg.tartu.ee\/miilang\/wp-json\/wp\/v2\/comments?post=5310"}],"version-history":[{"count":1,"href":"https:\/\/theserver.htg.tartu.ee\/miilang\/wp-json\/wp\/v2\/posts\/5310\/revisions"}],"predecessor-version":[{"id":5311,"href":"https:\/\/theserver.htg.tartu.ee\/miilang\/wp-json\/wp\/v2\/posts\/5310\/revisions\/5311"}],"wp:featuredmedia":[{"embeddable":true,"href":"https:\/\/theserver.htg.tartu.ee\/miilang\/wp-json\/wp\/v2\/media\/3444"}],"wp:attachment":[{"href":"https:\/\/theserver.htg.tartu.ee\/miilang\/wp-json\/wp\/v2\/media?parent=5310"}],"wp:term":[{"taxonomy":"category","embeddable":true,"href":"https:\/\/theserver.htg.tartu.ee\/miilang\/wp-json\/wp\/v2\/categories?post=5310"},{"taxonomy":"post_tag","embeddable":true,"href":"https:\/\/theserver.htg.tartu.ee\/miilang\/wp-json\/wp\/v2\/tags?post=5310"},{"taxonomy":"author","embeddable":true,"href":"https:\/\/theserver.htg.tartu.ee\/miilang\/wp-json\/wp\/v2\/coauthors?post=5310"}],"curies":[{"name":"wp","href":"https:\/\/api.w.org\/{rel}","templated":true}]}}