{"id":1506,"date":"2013-12-06T22:29:03","date_gmt":"2013-12-06T19:29:03","guid":{"rendered":"https:\/\/theserver.htg.tartu.ee\/miilang\/?p=1506"},"modified":"2014-02-16T15:57:58","modified_gmt":"2014-02-16T12:57:58","slug":"national-gallery-vaariline-kunst-htgs","status":"publish","type":"post","link":"https:\/\/theserver.htg.tartu.ee\/miilang\/2013\/detsember-2013\/national-gallery-vaariline-kunst-htgs\/","title":{"rendered":"National Gallery v\u00e4\u00e4riline kunst HTGs"},"content":{"rendered":"<p><strong>K\u00e4ime iga p\u00e4ev koolimajas ringi &#8211;\u00a0 tuhiseme \u00fchest klassiruumist teise, t\u00e4iendame s\u00f6\u00f6klas energiavarusid ning laseme vabade tundide ajal puhkeruumis silma looja. Ent kui paljud meist on heitnud pilgu ka seintele ning avastanud mitmeid toredaid kunstiteoseid? P\u00fchime tolmu meie kunstip\u00e4rlitelt:<\/strong><\/p>\n<p><a href=\"https:\/\/theserver.htg.tartu.ee\/miilang\/wp-content\/uploads\/2013\/12\/DSC_0384.png\"><img loading=\"lazy\" decoding=\"async\" class=\"alignnone size-full wp-image-1516\" alt=\"DSC_0384\" src=\"https:\/\/theserver.htg.tartu.ee\/miilang\/wp-content\/uploads\/2013\/12\/DSC_0384.png\" width=\"300\" height=\"406\" srcset=\"https:\/\/theserver.htg.tartu.ee\/miilang\/wp-content\/uploads\/2013\/12\/DSC_0384.png 300w, https:\/\/theserver.htg.tartu.ee\/miilang\/wp-content\/uploads\/2013\/12\/DSC_0384-221x300.png 221w\" sizes=\"auto, (max-width: 300px) 100vw, 300px\" \/><\/a><br \/>\n\u201cKarje\u201d &#8211; J\u00fcri L\u00e4\u00e4s &amp; Helena Kilp (2012)<\/p>\n<p><a href=\"https:\/\/theserver.htg.tartu.ee\/miilang\/wp-content\/uploads\/2013\/12\/DSC_0388.png\"><img loading=\"lazy\" decoding=\"async\" class=\"alignnone size-full wp-image-1517\" alt=\"DSC_0388\" src=\"https:\/\/theserver.htg.tartu.ee\/miilang\/wp-content\/uploads\/2013\/12\/DSC_0388.png\" width=\"300\" height=\"199\" \/><\/a><br \/>\n\u201cV\u00e4ikesed hambalised\u201d &#8211; Karoliine Teelahk (2012)<\/p>\n<p><a href=\"https:\/\/theserver.htg.tartu.ee\/miilang\/wp-content\/uploads\/2013\/12\/DSC_0395.png\"><img loading=\"lazy\" decoding=\"async\" class=\"alignnone size-full wp-image-1518\" alt=\"DSC_0395\" src=\"https:\/\/theserver.htg.tartu.ee\/miilang\/wp-content\/uploads\/2013\/12\/DSC_0395.png\" width=\"300\" height=\"453\" srcset=\"https:\/\/theserver.htg.tartu.ee\/miilang\/wp-content\/uploads\/2013\/12\/DSC_0395.png 300w, https:\/\/theserver.htg.tartu.ee\/miilang\/wp-content\/uploads\/2013\/12\/DSC_0395-198x300.png 198w\" sizes=\"auto, (max-width: 300px) 100vw, 300px\" \/><\/a><br \/>\n\u201cPoiss \u00f5hupalliga\u201d &#8211; Fred Hansen &amp; Karoliine Teelahk<\/p>\n<p><a href=\"https:\/\/theserver.htg.tartu.ee\/miilang\/wp-content\/uploads\/2013\/12\/DSC_0405.png\"><img loading=\"lazy\" decoding=\"async\" class=\"alignnone size-full wp-image-1519\" alt=\"DSC_0405\" src=\"https:\/\/theserver.htg.tartu.ee\/miilang\/wp-content\/uploads\/2013\/12\/DSC_0405.png\" width=\"300\" height=\"422\" srcset=\"https:\/\/theserver.htg.tartu.ee\/miilang\/wp-content\/uploads\/2013\/12\/DSC_0405.png 300w, https:\/\/theserver.htg.tartu.ee\/miilang\/wp-content\/uploads\/2013\/12\/DSC_0405-213x300.png 213w\" sizes=\"auto, (max-width: 300px) 100vw, 300px\" \/><\/a><br \/>\nNaine ajalooklassi vastas &#8211; Eva Nigu<\/p>\n<p><strong>Henry Griin l\u00f5petas kevadel Eesti Kunstiakadeemia stsenograafia erialal. Hetkel on tegev Tartu Uues Teatris.<\/strong><\/p>\n<p><a href=\"https:\/\/theserver.htg.tartu.ee\/miilang\/wp-content\/uploads\/2013\/12\/DSC_0372.png\"><img loading=\"lazy\" decoding=\"async\" class=\"alignnone size-full wp-image-1520\" alt=\"DSC_0372\" src=\"https:\/\/theserver.htg.tartu.ee\/miilang\/wp-content\/uploads\/2013\/12\/DSC_0372.png\" width=\"300\" height=\"211\" \/><\/a><br \/>\nHenry Griin (2005)<\/p>\n<p><strong>Laivi Suurv\u00e4li l\u00f5petas eelmisel aastal Eesti Kunstiakadeemia moedisaini alal. Ta on \u00f5ppinud moodi ka Helsingis ning turundust ja reklaami Londonis. Laivi tegemistega saab end kurssi viia aadressil www.laivi.ee.<\/strong><\/p>\n<p><a href=\"https:\/\/theserver.htg.tartu.ee\/miilang\/wp-content\/uploads\/2013\/12\/DSC_0353.png\"><img loading=\"lazy\" decoding=\"async\" alt=\"DSC_0353\" src=\"https:\/\/theserver.htg.tartu.ee\/miilang\/wp-content\/uploads\/2013\/12\/DSC_0353.png\" width=\"300\" height=\"342\" \/><\/a><br \/>\nLaivi Suurv\u00e4li (2007)<\/p>\n<p><strong>Mari J\u00f5giste t\u00f6\u00f6tab HTGs kunstiajaloo \u00f5petajana ja Tartu Kunstimajas pedagoogi ning giidina. Loomulikult juhendab ta HTGs ka kunstitrenni<\/strong>.<\/p>\n<p><a href=\"https:\/\/theserver.htg.tartu.ee\/miilang\/wp-content\/uploads\/2013\/12\/DSC_0366.png\"><img loading=\"lazy\" decoding=\"async\" alt=\"DSC_0366\" src=\"https:\/\/theserver.htg.tartu.ee\/miilang\/wp-content\/uploads\/2013\/12\/DSC_0366.png\" width=\"300\" height=\"305\" \/><\/a><br \/>\nMari J\u00f5giste (2006)<\/p>\n<p><a href=\"https:\/\/theserver.htg.tartu.ee\/miilang\/wp-content\/uploads\/2013\/12\/DSC_0369.png\"><img loading=\"lazy\" decoding=\"async\" alt=\"DSC_0369\" src=\"https:\/\/theserver.htg.tartu.ee\/miilang\/wp-content\/uploads\/2013\/12\/DSC_0369.png\" width=\"300\" height=\"298\" \/><\/a><br \/>\nMari J\u00f5giste (2006)<br \/>\n<strong>Silja Erg \u00f5pib Tartu \u00dclikoolis bioloogiat, maalib \u00f5limaale ning teeb vildist vahvaid nukke. Tema tegemistega saab tutvuda aadressil www.siljaerg.ee.<\/strong><\/p>\n<p><a href=\"https:\/\/theserver.htg.tartu.ee\/miilang\/wp-content\/uploads\/2013\/12\/hugo.png\"><img loading=\"lazy\" decoding=\"async\" alt=\"hugo\" src=\"https:\/\/theserver.htg.tartu.ee\/miilang\/wp-content\/uploads\/2013\/12\/hugo.png\" width=\"300\" height=\"416\" \/><\/a><br \/>\n\u201cHugo Treffner\u201d &#8211; Silja Erg (2008)<\/p>\n<p><a href=\"https:\/\/theserver.htg.tartu.ee\/miilang\/wp-content\/uploads\/2013\/12\/DSC_0360.png\"><img loading=\"lazy\" decoding=\"async\" alt=\"DSC_0360\" src=\"https:\/\/theserver.htg.tartu.ee\/miilang\/wp-content\/uploads\/2013\/12\/DSC_0360.png\" width=\"300\" height=\"301\" \/><\/a><br \/>\nS\u00f6\u00f6kla viiulid &#8211; Silja Erg (2008)<\/p>\n<p>&nbsp;<\/p>\n","protected":false},"excerpt":{"rendered":"<p>K\u00e4ime iga p\u00e4ev koolimajas ringi &#8211;\u00a0 tuhiseme \u00fchest klassiruumist teise, t\u00e4iendame s\u00f6\u00f6klas energiavarusid ning laseme vabade tundide ajal puhkeruumis silma looja. Ent kui paljud meist on heitnud pilgu ka seintele ning avastanud mitmeid toredaid kunstiteoseid? P\u00fchime tolmu meie kunstip\u00e4rlitelt: \u201cKarje\u201d &#8211; J\u00fcri L\u00e4\u00e4s &amp; Helena Kilp (2012) \u201cV\u00e4ikesed hambalised\u201d &#8211;&#8230;<\/p>\n","protected":false},"author":43,"featured_media":1507,"comment_status":"open","ping_status":"open","sticky":false,"template":"","format":"standard","meta":{"_acf_changed":false,"_monsterinsights_skip_tracking":false,"footnotes":""},"categories":[160],"tags":[],"coauthors":[155],"class_list":["post-1506","post","type-post","status-publish","format-standard","has-post-thumbnail","hentry","category-detsember-2013"],"acf":[],"_links":{"self":[{"href":"https:\/\/theserver.htg.tartu.ee\/miilang\/wp-json\/wp\/v2\/posts\/1506","targetHints":{"allow":["GET"]}}],"collection":[{"href":"https:\/\/theserver.htg.tartu.ee\/miilang\/wp-json\/wp\/v2\/posts"}],"about":[{"href":"https:\/\/theserver.htg.tartu.ee\/miilang\/wp-json\/wp\/v2\/types\/post"}],"author":[{"embeddable":true,"href":"https:\/\/theserver.htg.tartu.ee\/miilang\/wp-json\/wp\/v2\/users\/43"}],"replies":[{"embeddable":true,"href":"https:\/\/theserver.htg.tartu.ee\/miilang\/wp-json\/wp\/v2\/comments?post=1506"}],"version-history":[{"count":6,"href":"https:\/\/theserver.htg.tartu.ee\/miilang\/wp-json\/wp\/v2\/posts\/1506\/revisions"}],"predecessor-version":[{"id":1688,"href":"https:\/\/theserver.htg.tartu.ee\/miilang\/wp-json\/wp\/v2\/posts\/1506\/revisions\/1688"}],"wp:featuredmedia":[{"embeddable":true,"href":"https:\/\/theserver.htg.tartu.ee\/miilang\/wp-json\/wp\/v2\/media\/1507"}],"wp:attachment":[{"href":"https:\/\/theserver.htg.tartu.ee\/miilang\/wp-json\/wp\/v2\/media?parent=1506"}],"wp:term":[{"taxonomy":"category","embeddable":true,"href":"https:\/\/theserver.htg.tartu.ee\/miilang\/wp-json\/wp\/v2\/categories?post=1506"},{"taxonomy":"post_tag","embeddable":true,"href":"https:\/\/theserver.htg.tartu.ee\/miilang\/wp-json\/wp\/v2\/tags?post=1506"},{"taxonomy":"author","embeddable":true,"href":"https:\/\/theserver.htg.tartu.ee\/miilang\/wp-json\/wp\/v2\/coauthors?post=1506"}],"curies":[{"name":"wp","href":"https:\/\/api.w.org\/{rel}","templated":true}]}}